{"id":5547,"date":"2023-03-01T16:09:16","date_gmt":"2023-03-01T19:09:16","guid":{"rendered":"https:\/\/www.brascri.org.br\/pt\/?p=5547"},"modified":"2023-03-01T16:16:26","modified_gmt":"2023-03-01T19:16:26","slug":"sessao-de-cinema-com-os-alunos-do-projeto-nova-chance","status":"publish","type":"post","link":"https:\/\/brascri.org.br\/pt\/sessao-de-cinema-com-os-alunos-do-projeto-nova-chance\/","title":{"rendered":"Sess\u00e3o de Cinema com os alunos do Projeto Nova Chance"},"content":{"rendered":"\n<p>Os alunos, ex-alunos e familiares do Projeto NC PCDs, foram convidados para participar da pr\u00e9-estreia do filme Creed III que aconteceu no Cin\u00e9polis JK Iguatemi no dia 28 de fevereiro de 2023.<\/p>\n\n\n\n<p>O convite foi realizado pela Warner Bros Brasil com o objetivo de promover a acessibilidade no cinema para as pessoas surdas.<\/p>\n\n\n\n<p>O evento contou com int\u00e9rpretes de Libras que recepcionaram nossos jovens e contou com a disponibiliza\u00e7\u00e3o do aplicativo MovieReading que possui diversos recursos de acessibilidade incluindo a tradu\u00e7\u00e3o em Libras (L\u00edngua Brasileira de Sinais).<\/p>\n\n\n\n<p>Al\u00e9m disso, ressaltamos que o filme abordou a tem\u00e1tica da surdez e contou com alguns personagens surdos, o que proporcionou representatividade para nossos jovens. Os alunos ficaram muito felizes com experi\u00eancia de participar desse tipo de evento e agradeceram a oportunidade.<\/p>\n\n\n\n<p><\/p>\n\n\n\n<figure class=\"wp-block-image size-large\"><a href=\"https:\/\/www.brascri.org.br\/pt\/wp-content\/uploads\/2023\/03\/Projeto-NC-PCDs-Alunos-e-familiares-scaled.jpg\"><img loading=\"lazy\" width=\"1024\" height=\"768\" src=\"https:\/\/www.brascri.org.br\/pt\/wp-content\/uploads\/2023\/03\/Projeto-NC-PCDs-Alunos-e-familiares-1024x768.jpg\" alt=\"\" class=\"wp-image-5550\" srcset=\"https:\/\/brascri.org.br\/pt\/wp-content\/uploads\/2023\/03\/Projeto-NC-PCDs-Alunos-e-familiares-1024x768.jpg 1024w, https:\/\/brascri.org.br\/pt\/wp-content\/uploads\/2023\/03\/Projeto-NC-PCDs-Alunos-e-familiares-300x225.jpg 300w, https:\/\/brascri.org.br\/pt\/wp-content\/uploads\/2023\/03\/Projeto-NC-PCDs-Alunos-e-familiares-768x576.jpg 768w\" sizes=\"(max-width: 1024px) 100vw, 1024px\" \/><\/a><\/figure>\n","protected":false},"excerpt":{"rendered":"<p>Os alunos, ex-alunos e familiares do Projeto NC PCDs, foram convidados para participar da pr\u00e9-estreia do filme Creed III que aconteceu no Cin\u00e9polis JK Iguatemi no dia 28 de fevereiro de 2023. O convite foi realizado pela Warner Bros Brasil com o objetivo de promover a acessibilidade no cinema para as pessoas surdas. O evento contou com int\u00e9rpretes de Libras que recepcionaram nossos jovens e contou com a disponibiliza\u00e7\u00e3o do aplicativo MovieReading que possui diversos recursos de acessibilidade incluindo a tradu\u00e7\u00e3o em Libras (L\u00edngua Brasileira de Sinais). Al\u00e9m disso, ressaltamos que o filme abordou a tem\u00e1tica da surdez e contou com alguns personagens surdos, o que proporcionou representatividade para nossos jovens. Os alunos ficaram muito felizes com experi\u00eancia de participar desse tipo de evento e agradeceram a oportunidade.<\/p>\n","protected":false},"author":8,"featured_media":5549,"comment_status":"open","ping_status":"open","sticky":false,"template":"","format":"standard","meta":[],"categories":[2,94,81,76],"tags":[],"_links":{"self":[{"href":"https:\/\/brascri.org.br\/pt\/wp-json\/wp\/v2\/posts\/5547"}],"collection":[{"href":"https:\/\/brascri.org.br\/pt\/wp-json\/wp\/v2\/posts"}],"about":[{"href":"https:\/\/brascri.org.br\/pt\/wp-json\/wp\/v2\/types\/post"}],"author":[{"embeddable":true,"href":"https:\/\/brascri.org.br\/pt\/wp-json\/wp\/v2\/users\/8"}],"replies":[{"embeddable":true,"href":"https:\/\/brascri.org.br\/pt\/wp-json\/wp\/v2\/comments?post=5547"}],"version-history":[{"count":2,"href":"https:\/\/brascri.org.br\/pt\/wp-json\/wp\/v2\/posts\/5547\/revisions"}],"predecessor-version":[{"id":5551,"href":"https:\/\/brascri.org.br\/pt\/wp-json\/wp\/v2\/posts\/5547\/revisions\/5551"}],"wp:featuredmedia":[{"embeddable":true,"href":"https:\/\/brascri.org.br\/pt\/wp-json\/wp\/v2\/media\/5549"}],"wp:attachment":[{"href":"https:\/\/brascri.org.br\/pt\/wp-json\/wp\/v2\/media?parent=5547"}],"wp:term":[{"taxonomy":"category","embeddable":true,"href":"https:\/\/brascri.org.br\/pt\/wp-json\/wp\/v2\/categories?post=5547"},{"taxonomy":"post_tag","embeddable":true,"href":"https:\/\/brascri.org.br\/pt\/wp-json\/wp\/v2\/tags?post=5547"}],"curies":[{"name":"wp","href":"https:\/\/api.w.org\/{rel}","templated":true}]}}