{"id":5346,"date":"2019-04-10T15:20:44","date_gmt":"2019-04-10T18:20:44","guid":{"rendered":"https:\/\/www.brascri.org.br\/pt?p=5346"},"modified":"2019-04-11T10:42:06","modified_gmt":"2019-04-11T13:42:06","slug":"parceria-brascri-e-apple","status":"publish","type":"post","link":"https:\/\/brascri.org.br\/pt\/parceria-brascri-e-apple\/","title":{"rendered":"Parceria BRASCRI e Apple"},"content":{"rendered":"<p style=\"font-weight: 400;\">No ano de 2019 a BRASCRI iniciou uma parceria com o Centro de Treinamentos da Apple em S\u00e3o Paulo.<\/p>\n<p style=\"font-weight: 400;\">Com uma proposta de inclus\u00e3o e um olhar especial para a comunidade surda, a Apple esta oferecendo alguns Workshops dos seus principais aplicativos, e disponibilizou algumas vagas para que os nossos alunos participem dos cursos de TI \u2013 Tecnologia da Informa\u00e7\u00e3o, tais como: Design, Edi\u00e7\u00e3o de V\u00eddeos, Programa\u00e7\u00e3o, entre outros.<\/p>\n<p style=\"font-weight: 400;\">As oficinas s\u00e3o ministradas no espa\u00e7o de treinamento a Apple e com int\u00e9rprete de Libras \u2013 L\u00edngua Brasileira de Sinais.<\/p>\n<p style=\"font-weight: 400;\">Agradecemos a Apple pela parceria, e por ampliar e enriquecer o curr\u00edculo dos nossos alunos e ex-alunos.<\/p>\n<p>&nbsp;<\/p>\n<p><a href=\"https:\/\/www.brascri.org.br\/ptwp-content\/uploads\/2019\/04\/DSC03102.jpg\"><img loading=\"lazy\" class=\"alignnone size-full wp-image-5345\" src=\"https:\/\/www.brascri.org.br\/ptwp-content\/uploads\/2019\/04\/DSC03102.jpg\" alt=\"\" width=\"4608\" height=\"3456\" srcset=\"https:\/\/brascri.org.br\/pt\/wp-content\/uploads\/2019\/04\/DSC03102.jpg 4608w, https:\/\/brascri.org.br\/pt\/wp-content\/uploads\/2019\/04\/DSC03102-300x225.jpg 300w, https:\/\/brascri.org.br\/pt\/wp-content\/uploads\/2019\/04\/DSC03102-768x576.jpg 768w, https:\/\/brascri.org.br\/pt\/wp-content\/uploads\/2019\/04\/DSC03102-1024x768.jpg 1024w\" sizes=\"(max-width: 4608px) 100vw, 4608px\" \/><\/a><\/p>\n","protected":false},"excerpt":{"rendered":"<p>No ano de 2019 a BRASCRI iniciou uma parceria com o Centro de Treinamentos da Apple em S\u00e3o Paulo. Com uma proposta de inclus\u00e3o e um olhar especial para a comunidade surda, a Apple esta oferecendo alguns Workshops dos seus principais aplicativos, e disponibilizou algumas vagas para que os nossos alunos participem dos cursos de TI \u2013 Tecnologia da Informa\u00e7\u00e3o, tais como: Design, Edi\u00e7\u00e3o de V\u00eddeos, Programa\u00e7\u00e3o, entre outros. As oficinas s\u00e3o ministradas no espa\u00e7o de treinamento a Apple e com int\u00e9rprete de Libras \u2013 L\u00edngua Brasileira de Sinais. Agradecemos a Apple pela parceria, e por ampliar e enriquecer o curr\u00edculo dos nossos alunos e ex-alunos. &nbsp;<\/p>\n","protected":false},"author":8,"featured_media":5344,"comment_status":"open","ping_status":"open","sticky":false,"template":"","format":"standard","meta":[],"categories":[2,94,81,76],"tags":[],"_links":{"self":[{"href":"https:\/\/brascri.org.br\/pt\/wp-json\/wp\/v2\/posts\/5346"}],"collection":[{"href":"https:\/\/brascri.org.br\/pt\/wp-json\/wp\/v2\/posts"}],"about":[{"href":"https:\/\/brascri.org.br\/pt\/wp-json\/wp\/v2\/types\/post"}],"author":[{"embeddable":true,"href":"https:\/\/brascri.org.br\/pt\/wp-json\/wp\/v2\/users\/8"}],"replies":[{"embeddable":true,"href":"https:\/\/brascri.org.br\/pt\/wp-json\/wp\/v2\/comments?post=5346"}],"version-history":[{"count":3,"href":"https:\/\/brascri.org.br\/pt\/wp-json\/wp\/v2\/posts\/5346\/revisions"}],"predecessor-version":[{"id":5349,"href":"https:\/\/brascri.org.br\/pt\/wp-json\/wp\/v2\/posts\/5346\/revisions\/5349"}],"wp:featuredmedia":[{"embeddable":true,"href":"https:\/\/brascri.org.br\/pt\/wp-json\/wp\/v2\/media\/5344"}],"wp:attachment":[{"href":"https:\/\/brascri.org.br\/pt\/wp-json\/wp\/v2\/media?parent=5346"}],"wp:term":[{"taxonomy":"category","embeddable":true,"href":"https:\/\/brascri.org.br\/pt\/wp-json\/wp\/v2\/categories?post=5346"},{"taxonomy":"post_tag","embeddable":true,"href":"https:\/\/brascri.org.br\/pt\/wp-json\/wp\/v2\/tags?post=5346"}],"curies":[{"name":"wp","href":"https:\/\/api.w.org\/{rel}","templated":true}]}}