{"id":5145,"date":"2017-10-17T11:54:30","date_gmt":"2017-10-17T13:54:30","guid":{"rendered":"https:\/\/www.brascri.org.br\/pt?p=5145"},"modified":"2017-10-17T11:54:30","modified_gmt":"2017-10-17T13:54:30","slug":"comemoracoes-do-setembro-azul","status":"publish","type":"post","link":"https:\/\/brascri.org.br\/pt\/comemoracoes-do-setembro-azul\/","title":{"rendered":"Comemora\u00e7\u00f5es do Setembro Azul"},"content":{"rendered":"<p>No dia 29 de setembro comemoramos o m\u00eas do surdo.<\/p>\n<p>Neste dia tivemos uma programa\u00e7\u00e3o diferenciada:<\/p>\n<p>&#8211; Teatros em LIBRAS apresentados pelos familiares;<br \/>\n&#8211; Atividades em conjunto: pintura com giz de cera na fita azul e colagem de papel no s\u00edmbolo do surdo;<br \/>\n&#8211; Exposi\u00e7\u00e3o do livro &#8220;Identidade&#8221; elaborado pelas crian\u00e7as.<\/p>\n<p>Agradecemos a participa\u00e7\u00e3o todos!<\/p>\n<p>&nbsp;<\/p>\n<p><a href=\"https:\/\/www.brascri.org.br\/ptwp-content\/uploads\/2017\/10\/DSCN1491.jpg\"><img loading=\"lazy\" class=\"alignnone size-full wp-image-5148\" alt=\"DSCN1491\" src=\"https:\/\/www.brascri.org.br\/ptwp-content\/uploads\/2017\/10\/DSCN1491.jpg\" width=\"4608\" height=\"3456\" srcset=\"https:\/\/brascri.org.br\/pt\/wp-content\/uploads\/2017\/10\/DSCN1491.jpg 4608w, https:\/\/brascri.org.br\/pt\/wp-content\/uploads\/2017\/10\/DSCN1491-300x225.jpg 300w, https:\/\/brascri.org.br\/pt\/wp-content\/uploads\/2017\/10\/DSCN1491-1024x768.jpg 1024w, https:\/\/brascri.org.br\/pt\/wp-content\/uploads\/2017\/10\/DSCN1491-80x60.jpg 80w\" sizes=\"(max-width: 4608px) 100vw, 4608px\" \/><\/a><\/p>\n","protected":false},"excerpt":{"rendered":"<p>No dia 29 de setembro comemoramos o m\u00eas do surdo. Neste dia tivemos uma programa\u00e7\u00e3o diferenciada: &#8211; Teatros em LIBRAS apresentados pelos familiares; &#8211; Atividades em conjunto: pintura com giz de cera na fita azul e colagem de papel no s\u00edmbolo do surdo; &#8211; Exposi\u00e7\u00e3o do livro &#8220;Identidade&#8221; elaborado pelas crian\u00e7as. Agradecemos a participa\u00e7\u00e3o todos! &nbsp;<\/p>\n","protected":false},"author":8,"featured_media":5147,"comment_status":"open","ping_status":"open","sticky":false,"template":"","format":"standard","meta":[],"categories":[2,94,71,81],"tags":[],"_links":{"self":[{"href":"https:\/\/brascri.org.br\/pt\/wp-json\/wp\/v2\/posts\/5145"}],"collection":[{"href":"https:\/\/brascri.org.br\/pt\/wp-json\/wp\/v2\/posts"}],"about":[{"href":"https:\/\/brascri.org.br\/pt\/wp-json\/wp\/v2\/types\/post"}],"author":[{"embeddable":true,"href":"https:\/\/brascri.org.br\/pt\/wp-json\/wp\/v2\/users\/8"}],"replies":[{"embeddable":true,"href":"https:\/\/brascri.org.br\/pt\/wp-json\/wp\/v2\/comments?post=5145"}],"version-history":[{"count":4,"href":"https:\/\/brascri.org.br\/pt\/wp-json\/wp\/v2\/posts\/5145\/revisions"}],"predecessor-version":[{"id":5152,"href":"https:\/\/brascri.org.br\/pt\/wp-json\/wp\/v2\/posts\/5145\/revisions\/5152"}],"wp:featuredmedia":[{"embeddable":true,"href":"https:\/\/brascri.org.br\/pt\/wp-json\/wp\/v2\/media\/5147"}],"wp:attachment":[{"href":"https:\/\/brascri.org.br\/pt\/wp-json\/wp\/v2\/media?parent=5145"}],"wp:term":[{"taxonomy":"category","embeddable":true,"href":"https:\/\/brascri.org.br\/pt\/wp-json\/wp\/v2\/categories?post=5145"},{"taxonomy":"post_tag","embeddable":true,"href":"https:\/\/brascri.org.br\/pt\/wp-json\/wp\/v2\/tags?post=5145"}],"curies":[{"name":"wp","href":"https:\/\/api.w.org\/{rel}","templated":true}]}}